{"id":1388,"date":"2021-02-24T02:50:17","date_gmt":"2021-02-24T02:50:17","guid":{"rendered":"https:\/\/newsocietyinstitute.ca\/justice-refusee-les-personnes-handicapees-font-face-a-de-multiples-obstacles-pour-acceder-a-la-justice\/"},"modified":"2021-02-24T02:50:17","modified_gmt":"2021-02-24T02:50:17","slug":"justice-refusee-les-personnes-handicapees-font-face-a-de-multiples-obstacles-pour-acceder-a-la-justice","status":"publish","type":"post","link":"https:\/\/newsocietyinstitute.ca\/fr\/justice-refusee-les-personnes-handicapees-font-face-a-de-multiples-obstacles-pour-acceder-a-la-justice\/","title":{"rendered":"Justice refus\u00e9e : les personnes handicap\u00e9es font face \u00e0 de multiples obstacles pour acc\u00e9der \u00e0 la justice"},"content":{"rendered":"<p>IRIS a r\u00e9cemment men\u00e9 \u00e0 bien une initiative communautaire d\u2019acc\u00e8s \u00e0 la justice (<a href=\"https:\/\/newsocietyinstitute.ca\/wp-content\/uploads\/2025\/11\/People-with-Disabilities-Family-Violence-Access-to-Justice-FINAL-MARCH-26-2015.pdf\">https:\/\/newsocietyinstitute.ca\/wp-content\/uploads\/2025\/11\/People-with-Disabilities-Family-Violence-Access-to-Justice-FINAL-MARCH-26-2015.pdf<\/a>) et a organis\u00e9 un forum en ligne intitul\u00e9 \u00ab Acc\u00e8s \u00e0 la justice pour les personnes handicap\u00e9es marginalis\u00e9es \u00bb.<\/p>\n<p>La fiche d\u2019information Justice refus\u00e9e pr\u00e9sente les r\u00e9sultats de la recherche IRIS sur l\u2019acc\u00e8s \u00e0 la justice pour les personnes handicap\u00e9es et les options politiques pour des communaut\u00e9s plus s\u00fbres et plus inclusives.<br \/>\n&nbsp;<br \/>\n<a href=\"https:\/\/newsocietyinstitute.ca\/wp-content\/uploads\/2025\/11\/2021-02-24-Info-Sheet-Justice-Project.pdf\" class=\"pdfemb-viewer\" style=\"\" data-width=\"max\" data-height=\"max\" data-toolbar=\"bottom\" data-toolbar-fixed=\"off\">2021-02-24-Info-Sheet-Justice-Project<\/a><\/p>\n","protected":false},"excerpt":{"rendered":"<p>IRIS a r\u00e9cemment men\u00e9 \u00e0 bien une initiative communautaire d\u2019acc\u00e8s \u00e0 la justice (https:\/\/newsocietyinstitute.ca\/wp-content\/uploads\/2025\/11\/People-with-Disabilities-Family-Violence-Access-to-Justice-FINAL-MARCH-26-2015.pdf) et a organis\u00e9 un forum en ligne intitul\u00e9 \u00ab Acc\u00e8s \u00e0 la justice pour les personnes handicap\u00e9es marginalis\u00e9es \u00bb. La fiche d\u2019information Justice refus\u00e9e pr\u00e9sente les r\u00e9sultats de la recherche IRIS sur l\u2019acc\u00e8s \u00e0 la justice pour les personnes handicap\u00e9es et [&hellip;]<\/p>\n","protected":false},"author":1,"featured_media":0,"comment_status":"open","ping_status":"open","sticky":false,"template":"","format":"standard","meta":{"_acf_changed":false,"footnotes":""},"categories":[13],"tags":[],"class_list":["post-1388","post","type-post","status-publish","format-standard","hentry","category-non-categorise"],"acf":[],"_links":{"self":[{"href":"https:\/\/newsocietyinstitute.ca\/fr\/wp-json\/wp\/v2\/posts\/1388","targetHints":{"allow":["GET"]}}],"collection":[{"href":"https:\/\/newsocietyinstitute.ca\/fr\/wp-json\/wp\/v2\/posts"}],"about":[{"href":"https:\/\/newsocietyinstitute.ca\/fr\/wp-json\/wp\/v2\/types\/post"}],"author":[{"embeddable":true,"href":"https:\/\/newsocietyinstitute.ca\/fr\/wp-json\/wp\/v2\/users\/1"}],"replies":[{"embeddable":true,"href":"https:\/\/newsocietyinstitute.ca\/fr\/wp-json\/wp\/v2\/comments?post=1388"}],"version-history":[{"count":0,"href":"https:\/\/newsocietyinstitute.ca\/fr\/wp-json\/wp\/v2\/posts\/1388\/revisions"}],"wp:attachment":[{"href":"https:\/\/newsocietyinstitute.ca\/fr\/wp-json\/wp\/v2\/media?parent=1388"}],"wp:term":[{"taxonomy":"category","embeddable":true,"href":"https:\/\/newsocietyinstitute.ca\/fr\/wp-json\/wp\/v2\/categories?post=1388"},{"taxonomy":"post_tag","embeddable":true,"href":"https:\/\/newsocietyinstitute.ca\/fr\/wp-json\/wp\/v2\/tags?post=1388"}],"curies":[{"name":"wp","href":"https:\/\/api.w.org\/{rel}","templated":true}]}}