{"id":1402,"date":"2017-11-10T22:35:13","date_gmt":"2017-11-10T22:35:13","guid":{"rendered":"https:\/\/newsocietyinstitute.ca\/symposium-solidarite-comprendre-les-oppressions-imaginer-un-monde-nouveau\/"},"modified":"2017-11-10T22:35:13","modified_gmt":"2017-11-10T22:35:13","slug":"symposium-solidarite-comprendre-les-oppressions-imaginer-un-monde-nouveau","status":"publish","type":"post","link":"https:\/\/newsocietyinstitute.ca\/fr\/symposium-solidarite-comprendre-les-oppressions-imaginer-un-monde-nouveau\/","title":{"rendered":"Symposium Solidarit\u00e9 : Comprendre les oppressions, imaginer un monde nouveau"},"content":{"rendered":"<p>Vous \u00eates invit\u00e9s&nbsp;! Rejoignez IRIS et ses partenaires pour le <strong>Symposium de Solidarit\u00e9 : Comprendre les oppressions, imaginer un nouveau monde<\/strong>. <\/p>\n<p>Ce symposium <strong>de solidarit\u00e9 gratuit<\/strong> d\u2019une journ\u00e9e aura lieu le lundi 4 d\u00e9cembre 2017 \u00e0 Ottawa, au Centre de sant\u00e9 autochtone Wabano (299, chemin de Montr\u00e9al). L\u2019\u00e9v\u00e9nement r\u00e9unira des Autochtones, des migrants et des personnes handicap\u00e9es afin de s\u2019unir pour changer. Ces personnes sont parmi les plus marginalis\u00e9es au Canada en ce qui a trait aux soins de sant\u00e9 m\u00e9diocres, au manque d\u2019acc\u00e8s \u00e0 l\u2019emploi, \u00e0 l\u2019\u00e9ducation, au logement et, pire que tout, \u00e0 la violence. Ensemble, nous parlerons des points communs et du caract\u00e8re distinctif de ces exp\u00e9riences d\u2019oppression pour repenser nos strat\u00e9gies et changer la trajectoire.   <\/p>\n<p>Le Symposium de solidarit\u00e9 s\u2019inscrit dans le cadre du projet national de l\u2019IRIS, <a href=\"https:\/\/irisinstitute.ca\/2015\/12\/11\/iris-launches-new-project-women-at-a-high-risk-of-abuse-migrant-aboriginal-and-women-with-intellectual-and-mental-health-disabilities\/\" target=\"_blank\" rel=\"noopener noreferrer\">L\u2019initiative Travailler ensemble<\/a> : Lutter contre la violence structurelle \u00e0 l\u2019\u00e9gard des femmes autochtones, racis\u00e9es, migrantes et des femmes ayant une d\u00e9ficience intellectuelle ou psychiatrique.<\/p>\n<p>Pour confirmer votre pr\u00e9sence ou pour obtenir de plus amples renseignements, veuillez communiquer avec Doris Rajan au <a href=\"mailto:d.rajan@irisinstitute.ca\" target=\"_blank\" rel=\"noopener noreferrer\">d.rajan@irisinstitute.ca<\/a> ou au 416-409-7025. Au plaisir de vous y voir ! <\/p>\n<p><strong>Cet \u00e9v\u00e9nement sera \u00e9galement diffus\u00e9 en direct sur Facebook ! Cliquez ici pour suivre <a href=\"https:\/\/www.facebook.com\/irisinstitute\/\" target=\"_blank\" rel=\"noopener noreferrer\">IRIS<\/a> sur Facebook et surveillez la publication le jour de l\u2019\u00e9v\u00e9nement. <\/strong><br \/>\n&nbsp;<br \/>\n<img loading=\"lazy\" decoding=\"async\" class=\"alignnone wp-image-147720\" src=\"https:\/\/irisinstitute.ca\/wp-content\/uploads\/sites\/2\/2017\/11\/Solidarity-Symposium-flyer-FINAL_Page_1-232x300.jpg\" sizes=\"auto, (max-width: 371px) 100vw, 371px\" srcset=\"https:\/\/irisinstitute.ca\/wp-content\/uploads\/sites\/2\/2017\/11\/Solidarity-Symposium-flyer-FINAL_Page_1-232x300.jpg 232w, https:\/\/irisinstitute.ca\/wp-content\/uploads\/sites\/2\/2017\/11\/Solidarity-Symposium-flyer-FINAL_Page_1-768x994.jpg 768w, https:\/\/irisinstitute.ca\/wp-content\/uploads\/sites\/2\/2017\/11\/Solidarity-Symposium-flyer-FINAL_Page_1-791x1024.jpg 791w\" alt=\"\" width=\"371\" height=\"480\"><\/p>\n<p><img loading=\"lazy\" decoding=\"async\" class=\"alignnone wp-image-147721\" src=\"https:\/\/irisinstitute.ca\/wp-content\/uploads\/sites\/2\/2017\/11\/Solidarity-Symposium-flyer-FINAL_Page_2-232x300.jpg\" sizes=\"auto, (max-width: 373px) 100vw, 373px\" srcset=\"https:\/\/irisinstitute.ca\/wp-content\/uploads\/sites\/2\/2017\/11\/Solidarity-Symposium-flyer-FINAL_Page_2-232x300.jpg 232w, https:\/\/irisinstitute.ca\/wp-content\/uploads\/sites\/2\/2017\/11\/Solidarity-Symposium-flyer-FINAL_Page_2-768x994.jpg 768w, https:\/\/irisinstitute.ca\/wp-content\/uploads\/sites\/2\/2017\/11\/Solidarity-Symposium-flyer-FINAL_Page_2-791x1024.jpg 791w, https:\/\/irisinstitute.ca\/wp-content\/uploads\/sites\/2\/2017\/11\/Solidarity-Symposium-flyer-FINAL_Page_2.jpg 1275w\" alt=\"\" width=\"373\" height=\"482\"><br \/>\n&nbsp;<br \/>\n<em>Nous reconnaissons l\u2019appui financier du gouvernement du Canada.<br \/>\n&nbsp;<br \/>\n<img loading=\"lazy\" decoding=\"async\" class=\"alignnone wp-image-147707\" src=\"https:\/\/irisinstitute.ca\/wp-content\/uploads\/sites\/2\/2017\/11\/wordmark_C.png-300x71.png\" sizes=\"auto, (max-width: 169px) 100vw, 169px\" srcset=\"https:\/\/irisinstitute.ca\/wp-content\/uploads\/sites\/2\/2017\/11\/wordmark_C.png-300x71.png 300w, https:\/\/irisinstitute.ca\/wp-content\/uploads\/sites\/2\/2017\/11\/wordmark_C.png.png 470w\" alt=\"\" width=\"169\" height=\"40\"><\/em><\/p>\n","protected":false},"excerpt":{"rendered":"<p>Vous \u00eates invit\u00e9s&nbsp;! Rejoignez IRIS et ses partenaires pour le Symposium de Solidarit\u00e9 : Comprendre les oppressions, imaginer un nouveau monde. Ce symposium de solidarit\u00e9 gratuit d\u2019une journ\u00e9e aura lieu le lundi 4 d\u00e9cembre 2017 \u00e0 Ottawa, au Centre de sant\u00e9 autochtone Wabano (299, chemin de Montr\u00e9al). L\u2019\u00e9v\u00e9nement r\u00e9unira des Autochtones, des migrants et des [&hellip;]<\/p>\n","protected":false},"author":1,"featured_media":0,"comment_status":"open","ping_status":"open","sticky":false,"template":"","format":"standard","meta":{"_acf_changed":false,"footnotes":""},"categories":[13],"tags":[],"class_list":["post-1402","post","type-post","status-publish","format-standard","hentry","category-non-categorise"],"acf":[],"_links":{"self":[{"href":"https:\/\/newsocietyinstitute.ca\/fr\/wp-json\/wp\/v2\/posts\/1402","targetHints":{"allow":["GET"]}}],"collection":[{"href":"https:\/\/newsocietyinstitute.ca\/fr\/wp-json\/wp\/v2\/posts"}],"about":[{"href":"https:\/\/newsocietyinstitute.ca\/fr\/wp-json\/wp\/v2\/types\/post"}],"author":[{"embeddable":true,"href":"https:\/\/newsocietyinstitute.ca\/fr\/wp-json\/wp\/v2\/users\/1"}],"replies":[{"embeddable":true,"href":"https:\/\/newsocietyinstitute.ca\/fr\/wp-json\/wp\/v2\/comments?post=1402"}],"version-history":[{"count":0,"href":"https:\/\/newsocietyinstitute.ca\/fr\/wp-json\/wp\/v2\/posts\/1402\/revisions"}],"wp:attachment":[{"href":"https:\/\/newsocietyinstitute.ca\/fr\/wp-json\/wp\/v2\/media?parent=1402"}],"wp:term":[{"taxonomy":"category","embeddable":true,"href":"https:\/\/newsocietyinstitute.ca\/fr\/wp-json\/wp\/v2\/categories?post=1402"},{"taxonomy":"post_tag","embeddable":true,"href":"https:\/\/newsocietyinstitute.ca\/fr\/wp-json\/wp\/v2\/tags?post=1402"}],"curies":[{"name":"wp","href":"https:\/\/api.w.org\/{rel}","templated":true}]}}