{"id":1458,"date":"2023-05-31T05:50:46","date_gmt":"2023-05-31T05:50:46","guid":{"rendered":"https:\/\/newsocietyinstitute.ca\/evenement-en-direct-et-en-ligne-au-musee-canadien-pour-les-droits-de-la-personne-a-winnipeg-27-juin-2023\/"},"modified":"2023-05-31T05:50:46","modified_gmt":"2023-05-31T05:50:46","slug":"evenement-en-direct-et-en-ligne-au-musee-canadien-pour-les-droits-de-la-personne-a-winnipeg-27-juin-2023","status":"publish","type":"post","link":"https:\/\/newsocietyinstitute.ca\/fr\/evenement-en-direct-et-en-ligne-au-musee-canadien-pour-les-droits-de-la-personne-a-winnipeg-27-juin-2023\/","title":{"rendered":"\u00c9v\u00e9nement EN DIRECT et EN LIGNE au Mus\u00e9e canadien pour les droits de la personne \u00e0 Winnipeg \u2013 27 juin 2023"},"content":{"rendered":"<p><strong>Il est temps d\u2019entendre nos histoires&#8230;<\/strong><\/p>\n<p><strong>L\u2019\u00e9v\u00e9nement<\/strong><br \/>\nDialogues sur le fil du rasoir \u2013 Point d\u2019entr\u00e9e. Il s\u2019agit d\u2019une vitrine de performances multidisciplinaires pour en apprendre davantage sur les exp\u00e9riences des Autochtones, des Noirs, des r\u00e9fugi\u00e9s, des Sourds et des personnes handicap\u00e9es. Cet \u00e9v\u00e9nement offrira aux Canadiens une occasion rare de comprendre les exp\u00e9riences uniques de certaines des personnes les plus marginalis\u00e9es de notre soci\u00e9t\u00e9, dont les exp\u00e9riences et les voix sont souvent r\u00e9duites au silence, tout en cr\u00e9ant un sentiment de fiert\u00e9 et d\u2019appartenance en mettant en valeur notre culture et notre talent.  <\/p>\n<p><strong>Quand:<\/strong><br \/>\nMardi 27 juin 2023<\/p>\n<p><strong>En personne :<\/strong><br \/>\nMus\u00e9e canadien pour les droits de<br \/>\nla personne Salle<br \/>\nBonnie et John Buhler 85, chemin Israel Asper, Winnipeg (Manitoba) R3C 0L5<\/p>\n<p><strong>Heure:<\/strong><br \/>\n14 h 00 \u00e0 16 h 00 Heure<br \/>\n<em>du Centre<\/em>13 h 00 \u00e0 15 h 00 Heure<br \/>\ndes <em>Rocheuses<\/em>12 h 00 \u00e0 14 h 00 <em>Heure<\/em><br \/>\ndu Pacifique 15 h 00 \u00e0 17 h 00 <em>Heure<\/em><br \/>\nde l\u2019Est 16 h 00 \u00e0 18 h 00<em> Heure de l\u2019Atlantique<\/em><br \/>\n&nbsp;<\/p>\n<p><strong>Les partenaires<\/strong><\/p>\n<p><strong>L\u2019Institut de recherche et de d\u00e9veloppement sur l\u2019inclusion et la soci\u00e9t\u00e9 (IRIS)<\/strong> fournit des services de recherche sur les politiques et de leadership en d\u00e9veloppement social qui encouragent de nouvelles fa\u00e7ons de penser, l\u2019inspiration et l\u2019\u00e9ducation pour faire progresser la citoyennet\u00e9, l\u2019inclusion, les droits de la personne et le bien-\u00eatre des populations marginalis\u00e9es.<\/p>\n<p><strong>Jaberi Dance Theatre (JDT)<\/strong> est un organisme d\u2019arts de la sc\u00e8ne dont le r\u00e9pertoire comprend une collection d\u2019\u0153uvres originales dans plusieurs disciplines, avec un accent particulier sur les histoires de marginalisation.<\/p>\n<p><strong>Sourds noirs du Canada<\/strong> &#8211; a \u00e9t\u00e9 cr\u00e9\u00e9 par n\u00e9cessit\u00e9 en r\u00e9ponse \u00e0 la sous-repr\u00e9sentation des leaders, des h\u00e9ros de tous les jours et des talents des Sourds noirs \u00e0 travers le Canada, afin de favoriser une soci\u00e9t\u00e9 qui r\u00e9pond mieux aux besoins et aux exp\u00e9riences v\u00e9cues des Sourds noirs, des Autochtones et d\u2019autres groupes historiquement marginalis\u00e9s au sein de la communaut\u00e9 sourde canadienne.<\/p>\n<p><strong>Caliban Arts Theatre<\/strong> \u2013 parle de diversit\u00e9, de th\u00e9orie culturelle critique, de diversit\u00e9 cr\u00e9ative, de conceptions artistiques et de pr\u00e9sentations. Caliban s\u2019int\u00e9resse au parcours narratif cr\u00e9atif afro-canadien, tout en \u00e9tant \u00e9troitement li\u00e9 \u00e0 la condition mondiale et humaine. <\/p>\n<p><strong>Inclusion Winnipeg<\/strong> est un organisme de bienfaisance enregistr\u00e9 qui, depuis plus de 60 ans, se consacre \u00e0 am\u00e9liorer la vie des enfants et des adultes ayant une d\u00e9ficience intellectuelle.<\/p>\n<p><strong>William Greenland<\/strong> est un auteur-compositeur-interpr\u00e8te gwich\u2019in, un joueur de fl\u00fbte autochtone et un ancien animateur de radio qui vit et travaille \u00e0 Yellowknife, dans les Territoires du Nord-Ouest.<\/p>\n","protected":false},"excerpt":{"rendered":"<p>Il est temps d\u2019entendre nos histoires&#8230; L\u2019\u00e9v\u00e9nement Dialogues sur le fil du rasoir \u2013 Point d\u2019entr\u00e9e. Il s\u2019agit d\u2019une vitrine de performances multidisciplinaires pour en apprendre davantage sur les exp\u00e9riences des Autochtones, des Noirs, des r\u00e9fugi\u00e9s, des Sourds et des personnes handicap\u00e9es. Cet \u00e9v\u00e9nement offrira aux Canadiens une occasion rare de comprendre les exp\u00e9riences uniques [&hellip;]<\/p>\n","protected":false},"author":1,"featured_media":1460,"comment_status":"open","ping_status":"open","sticky":false,"template":"","format":"standard","meta":{"_acf_changed":false,"footnotes":""},"categories":[13],"tags":[],"class_list":["post-1458","post","type-post","status-publish","format-standard","has-post-thumbnail","hentry","category-non-categorise"],"acf":[],"_links":{"self":[{"href":"https:\/\/newsocietyinstitute.ca\/fr\/wp-json\/wp\/v2\/posts\/1458","targetHints":{"allow":["GET"]}}],"collection":[{"href":"https:\/\/newsocietyinstitute.ca\/fr\/wp-json\/wp\/v2\/posts"}],"about":[{"href":"https:\/\/newsocietyinstitute.ca\/fr\/wp-json\/wp\/v2\/types\/post"}],"author":[{"embeddable":true,"href":"https:\/\/newsocietyinstitute.ca\/fr\/wp-json\/wp\/v2\/users\/1"}],"replies":[{"embeddable":true,"href":"https:\/\/newsocietyinstitute.ca\/fr\/wp-json\/wp\/v2\/comments?post=1458"}],"version-history":[{"count":0,"href":"https:\/\/newsocietyinstitute.ca\/fr\/wp-json\/wp\/v2\/posts\/1458\/revisions"}],"wp:featuredmedia":[{"embeddable":true,"href":"https:\/\/newsocietyinstitute.ca\/fr\/wp-json\/wp\/v2\/media\/1460"}],"wp:attachment":[{"href":"https:\/\/newsocietyinstitute.ca\/fr\/wp-json\/wp\/v2\/media?parent=1458"}],"wp:term":[{"taxonomy":"category","embeddable":true,"href":"https:\/\/newsocietyinstitute.ca\/fr\/wp-json\/wp\/v2\/categories?post=1458"},{"taxonomy":"post_tag","embeddable":true,"href":"https:\/\/newsocietyinstitute.ca\/fr\/wp-json\/wp\/v2\/tags?post=1458"}],"curies":[{"name":"wp","href":"https:\/\/api.w.org\/{rel}","templated":true}]}}